{"id":1481,"date":"2024-09-10T04:47:00","date_gmt":"2024-09-10T04:47:00","guid":{"rendered":"https:\/\/radocza.edu.pl\/edu\/?p=1481"},"modified":"2024-10-22T05:07:43","modified_gmt":"2024-10-22T05:07:43","slug":"narodowe-czytanie-w-naszej-szkole","status":"publish","type":"post","link":"https:\/\/radocza.edu.pl\/edu\/narodowe-czytanie-w-naszej-szkole\/","title":{"rendered":"Narodowe Czytanie w naszej szkole"},"content":{"rendered":"\n<p>W minion\u0105 sobot\u0119, 7 wrze\u015bnia o godzinie 10:00, nasza szko\u0142a wzi\u0119\u0142a udzia\u0142 w wyj\u0105tkowym wydarzeniu<br>\u2013 Narodowym Czytaniu &#8222;Kordiana&#8221; Juliusza S\u0142owackiego!<\/p>\n\n\n\n<p>Uczniowie i nauczyciele mieli okazj\u0119 nie tylko zag\u0142\u0119bi\u0107 si\u0119 w tre\u015b\u0107 tego znakomitego utworu, ale tak\u017ce obejrze\u0107 prezentacj\u0119 multimedialn\u0105, przybli\u017caj\u0105c\u0105 najwa\u017cniejsze w\u0105tki dzie\u0142a oraz fragment spektaklu teatralnego<br>w re\u017cyserii Jana Englerta.<\/p>\n\n\n\n<p>Za organizacj\u0119 tego literackiego \u015bwi\u0119ta dzi\u0119kujemy naszym nauczycielom j\u0119zyka polskiego: Renacie Sopickiej<br>i Paw\u0142owi Kubaszewskiemu, kt\u00f3rzy w\u0142o\u017cyli mn\u00f3stwo pracy w przygotowanie tej niezapomnianej lekcji literatury.<\/p>\n\n\n\n<p>Dzi\u0119kujemy wszystkim za obecno\u015b\u0107 i zach\u0119camy do dalszego zg\u0142\u0119biania tw\u00f3rczo\u015bci S\u0142owackiego!<\/p>\n\n\n\t\t\t\t\t<div\n\t\t\t\t\t\tclass=\"wp-block-uagb-image-gallery uagb-block-33f5fda8     \"\n\t\t\t\t\t\tstyle=\"\"\n\t\t\t\t\t>\n\t\t\t\t\t\t\t\t\t\t\t<div class=\"spectra-image-gallery spectra-image-gallery__layout--grid spectra-image-gallery__layout--grid-col-4 spectra-image-gallery__layout--grid-col-tab-4 spectra-image-gallery__layout--grid-col-mob-4\">\n\t\t\t\t\t\t\t\t\t\t\t<div class='spectra-image-gallery__media-wrapper' data-spectra-gallery-image-id='1484' tabindex=\"0\">\n\t\t\t\t\t\t\t<div class=\"spectra-image-gallery__media spectra-image-gallery__media--grid\">\n\t\t\t\t<picture>\n\t\t\t\t\t<source media=\"(min-width: 1024px)\" srcset=\"https:\/\/radocza.edu.pl\/wp-content\/uploads\/2024\/10\/458557256_992348482694743_6211129749082276593_n-1024x499.jpg\">\n\t\t\t\t\t<source media=\"(min-width: 768px)\" srcset=\"https:\/\/radocza.edu.pl\/wp-content\/uploads\/2024\/10\/458557256_992348482694743_6211129749082276593_n-1024x499.jpg\">\n\t\t\t\t\t<img decoding=\"async\" class=\"spectra-image-gallery__media-thumbnail spectra-image-gallery__media-thumbnail--grid\" src=\"https:\/\/radocza.edu.pl\/wp-content\/uploads\/2024\/10\/458557256_992348482694743_6211129749082276593_n-300x146.jpg\" alt=\"\" loading=\"lazy\" \/>\n\t\t\t\t<\/picture>\n\t\t\t\t<div class=\"spectra-image-gallery__media-thumbnail-blurrer\"><\/div>\n\t\t\t\t\t\t\t\t\t\t\t<div class=\"spectra-image-gallery__media-thumbnail-caption-wrapper spectra-image-gallery__media-thumbnail-caption-wrapper--overlay\"><\/div>\n\t\t\t\t\t\t\t\t<\/div>\n\t\t\t\t\t\t<\/div>\n\t\t\t\t\t\t<div class='spectra-image-gallery__media-wrapper' data-spectra-gallery-image-id='1485' tabindex=\"0\">\n\t\t\t\t\t\t\t<div class=\"spectra-image-gallery__media spectra-image-gallery__media--grid\">\n\t\t\t\t<picture>\n\t\t\t\t\t<source media=\"(min-width: 1024px)\" srcset=\"https:\/\/radocza.edu.pl\/wp-content\/uploads\/2024\/10\/459020136_992348486028076_4380664807331774096_n-1024x768.jpg\">\n\t\t\t\t\t<source media=\"(min-width: 768px)\" srcset=\"https:\/\/radocza.edu.pl\/wp-content\/uploads\/2024\/10\/459020136_992348486028076_4380664807331774096_n-1024x768.jpg\">\n\t\t\t\t\t<img decoding=\"async\" class=\"spectra-image-gallery__media-thumbnail spectra-image-gallery__media-thumbnail--grid\" src=\"https:\/\/radocza.edu.pl\/wp-content\/uploads\/2024\/10\/459020136_992348486028076_4380664807331774096_n-300x225.jpg\" alt=\"\" loading=\"lazy\" \/>\n\t\t\t\t<\/picture>\n\t\t\t\t<div class=\"spectra-image-gallery__media-thumbnail-blurrer\"><\/div>\n\t\t\t\t\t\t\t\t\t\t\t<div class=\"spectra-image-gallery__media-thumbnail-caption-wrapper spectra-image-gallery__media-thumbnail-caption-wrapper--overlay\"><\/div>\n\t\t\t\t\t\t\t\t<\/div>\n\t\t\t\t\t\t<\/div>\n\t\t\t\t\t\t<div class='spectra-image-gallery__media-wrapper' data-spectra-gallery-image-id='1486' tabindex=\"0\">\n\t\t\t\t\t\t\t<div class=\"spectra-image-gallery__media spectra-image-gallery__media--grid\">\n\t\t\t\t<picture>\n\t\t\t\t\t<source media=\"(min-width: 1024px)\" srcset=\"https:\/\/radocza.edu.pl\/wp-content\/uploads\/2024\/10\/459035804_992348472694744_6962917433731880870_n-1024x771.jpg\">\n\t\t\t\t\t<source media=\"(min-width: 768px)\" srcset=\"https:\/\/radocza.edu.pl\/wp-content\/uploads\/2024\/10\/459035804_992348472694744_6962917433731880870_n-1024x771.jpg\">\n\t\t\t\t\t<img decoding=\"async\" class=\"spectra-image-gallery__media-thumbnail spectra-image-gallery__media-thumbnail--grid\" src=\"https:\/\/radocza.edu.pl\/wp-content\/uploads\/2024\/10\/459035804_992348472694744_6962917433731880870_n-300x226.jpg\" alt=\"\" loading=\"lazy\" \/>\n\t\t\t\t<\/picture>\n\t\t\t\t<div class=\"spectra-image-gallery__media-thumbnail-blurrer\"><\/div>\n\t\t\t\t\t\t\t\t\t\t\t<div class=\"spectra-image-gallery__media-thumbnail-caption-wrapper spectra-image-gallery__media-thumbnail-caption-wrapper--overlay\"><\/div>\n\t\t\t\t\t\t\t\t<\/div>\n\t\t\t\t\t\t<\/div>\n\t\t\t\t\t\t<div class='spectra-image-gallery__media-wrapper' data-spectra-gallery-image-id='1487' tabindex=\"0\">\n\t\t\t\t\t\t\t<div class=\"spectra-image-gallery__media spectra-image-gallery__media--grid\">\n\t\t\t\t<picture>\n\t\t\t\t\t<source media=\"(min-width: 1024px)\" srcset=\"https:\/\/radocza.edu.pl\/wp-content\/uploads\/2024\/10\/mini-czytanie2-1024x722.jpg\">\n\t\t\t\t\t<source media=\"(min-width: 768px)\" srcset=\"https:\/\/radocza.edu.pl\/wp-content\/uploads\/2024\/10\/mini-czytanie2-1024x722.jpg\">\n\t\t\t\t\t<img decoding=\"async\" class=\"spectra-image-gallery__media-thumbnail spectra-image-gallery__media-thumbnail--grid\" src=\"https:\/\/radocza.edu.pl\/wp-content\/uploads\/2024\/10\/mini-czytanie2-300x211.jpg\" alt=\"\" loading=\"lazy\" \/>\n\t\t\t\t<\/picture>\n\t\t\t\t<div class=\"spectra-image-gallery__media-thumbnail-blurrer\"><\/div>\n\t\t\t\t\t\t\t\t\t\t\t<div class=\"spectra-image-gallery__media-thumbnail-caption-wrapper spectra-image-gallery__media-thumbnail-caption-wrapper--overlay\"><\/div>\n\t\t\t\t\t\t\t\t<\/div>\n\t\t\t\t\t\t<\/div>\n\t\t\t\t\t\t\t\t\t\t<\/div>\n\t\t\t\t\t\t\t\t\t\t\t\t\t\t\t\t\t\t<\/div>\n\t\t\t\t\t\t\t\t\t\t\t<div class='spectra-image-gallery__control-lightbox' tabindex='0'>\n\t\t\t\t\t\t\t\t\t\t\t<div class=\"swiper spectra-image-gallery__control-lightbox--main\" dir=\"\">\n\t\t\t\t\t<div class=\"swiper-wrapper\">\n\t\t\t\t\t\t\t\t\t\t\t\t\t\n\t\t\t\t\t\t\t<div class=\"swiper-slide\">\n\t\t\t\t\t\t\t\t<img class=\"swiper-lazy\" data-src=\"https:\/\/radocza.edu.pl\/wp-content\/uploads\/2024\/10\/458557256_992348482694743_6211129749082276593_n.jpg\" alt=\"\"\/>\n\t\t\t\t\t\t\t\t<div class=\"swiper-lazy-preloader swiper-lazy-preloader-white\"><\/div>\n\t\t\t\t\t\t\t\t\t\t\t\t\t\t\t<\/div>\n\t\t\t\t\t\t\t\t\t\t\t\t\t\n\t\t\t\t\t\t\t<div class=\"swiper-slide\">\n\t\t\t\t\t\t\t\t<img class=\"swiper-lazy\" data-src=\"https:\/\/radocza.edu.pl\/wp-content\/uploads\/2024\/10\/459020136_992348486028076_4380664807331774096_n.jpg\" alt=\"\"\/>\n\t\t\t\t\t\t\t\t<div class=\"swiper-lazy-preloader swiper-lazy-preloader-white\"><\/div>\n\t\t\t\t\t\t\t\t\t\t\t\t\t\t\t<\/div>\n\t\t\t\t\t\t\t\t\t\t\t\t\t\n\t\t\t\t\t\t\t<div class=\"swiper-slide\">\n\t\t\t\t\t\t\t\t<img class=\"swiper-lazy\" data-src=\"https:\/\/radocza.edu.pl\/wp-content\/uploads\/2024\/10\/459035804_992348472694744_6962917433731880870_n.jpg\" alt=\"\"\/>\n\t\t\t\t\t\t\t\t<div class=\"swiper-lazy-preloader swiper-lazy-preloader-white\"><\/div>\n\t\t\t\t\t\t\t\t\t\t\t\t\t\t\t<\/div>\n\t\t\t\t\t\t\t\t\t\t\t\t\t\n\t\t\t\t\t\t\t<div class=\"swiper-slide\">\n\t\t\t\t\t\t\t\t<img class=\"swiper-lazy\" data-src=\"https:\/\/radocza.edu.pl\/wp-content\/uploads\/2024\/10\/mini-czytanie2.jpg\" alt=\"\"\/>\n\t\t\t\t\t\t\t\t<div class=\"swiper-lazy-preloader swiper-lazy-preloader-white\"><\/div>\n\t\t\t\t\t\t\t\t\t\t\t\t\t\t\t<\/div>\n\t\t\t\t\t\t\t\t\t\t\t<\/div>\n\t\t\t\t\t<div class=\"swiper-button-next\"><\/div>\n\t\t\t\t\t<div class=\"swiper-button-prev\"><\/div>\n\t\t\t\t<\/div>\t\t\t\n\t\t\t\t\t\t\t\t\t\t\t\t\t\t\t\t\t\t\t\t\t\t\t\t\t\t\t\t\t\t\t\t<button class='spectra-image-gallery__control-lightbox--close' aria-label=\"Close\">\n\t\t\t\t\t\t\t\t\t\t\t\t\t<svg xmlns=\"https:\/\/www.w3.org\/2000\/svg\" viewBox= \"0 0 320 512\"><path d=\"M310.6 361.4c12.5 12.5 12.5 32.75 0 45.25C304.4 412.9 296.2 416 288 416s-16.38-3.125-22.62-9.375L160 301.3L54.63 406.6C48.38 412.9 40.19 416 32 416S15.63 412.9 9.375 406.6c-12.5-12.5-12.5-32.75 0-45.25l105.4-105.4L9.375 150.6c-12.5-12.5-12.5-32.75 0-45.25s32.75-12.5 45.25 0L160 210.8l105.4-105.4c12.5-12.5 32.75-12.5 45.25 0s12.5 32.75 0 45.25l-105.4 105.4L310.6 361.4z\"><\/path><\/svg>\n\t\t\t\t\t\t\t\t\t\t\t\t<\/button>\n\t\t\t\t\t\t\t\t\t\t\t\t\t<\/div>\n\t\t\t\t\t\t\t\t\t\n\n\n<p><\/p>\n","protected":false},"excerpt":{"rendered":"<p>W minion\u0105 sobot\u0119, 7 wrze\u015bnia o godzinie 10:00, nasza szko\u0142a wzi\u0119\u0142a udzia\u0142 w wyj\u0105tkowym wydarzeniu\u2013 Narodowym Czytaniu &#8222;Kordiana&#8221; Juliusza S\u0142owackiego! [&hellip;]<\/p>\n","protected":false},"author":2,"featured_media":1487,"comment_status":"closed","ping_status":"closed","sticky":false,"template":"","format":"standard","meta":{"inline_featured_image":false,"_uag_custom_page_level_css":"","site-sidebar-layout":"default","site-content-layout":"","ast-site-content-layout":"default","site-content-style":"default","site-sidebar-style":"default","ast-global-header-display":"","ast-banner-title-visibility":"","ast-main-header-display":"","ast-hfb-above-header-display":"","ast-hfb-below-header-display":"","ast-hfb-mobile-header-display":"","site-post-title":"","ast-breadcrumbs-content":"","ast-featured-img":"disabled","footer-sml-layout":"","ast-disable-related-posts":"","theme-transparent-header-meta":"","adv-header-id-meta":"","stick-header-meta":"","header-above-stick-meta":"","header-main-stick-meta":"","header-below-stick-meta":"","astra-migrate-meta-layouts":"default","ast-page-background-enabled":"default","ast-page-background-meta":{"desktop":{"background-color":"var(--ast-global-color-4)","background-image":"","background-repeat":"repeat","background-position":"center center","background-size":"auto","background-attachment":"scroll","background-type":"","background-media":"","overlay-type":"","overlay-color":"","overlay-opacity":"","overlay-gradient":""},"tablet":{"background-color":"","background-image":"","background-repeat":"repeat","background-position":"center center","background-size":"auto","background-attachment":"scroll","background-type":"","background-media":"","overlay-type":"","overlay-color":"","overlay-opacity":"","overlay-gradient":""},"mobile":{"background-color":"","background-image":"","background-repeat":"repeat","background-position":"center center","background-size":"auto","background-attachment":"scroll","background-type":"","background-media":"","overlay-type":"","overlay-color":"","overlay-opacity":"","overlay-gradient":""}},"ast-content-background-meta":{"desktop":{"background-color":"var(--ast-global-color-5)","background-image":"","background-repeat":"repeat","background-position":"center center","background-size":"auto","background-attachment":"scroll","background-type":"","background-media":"","overlay-type":"","overlay-color":"","overlay-opacity":"","overlay-gradient":""},"tablet":{"background-color":"var(--ast-global-color-5)","background-image":"","background-repeat":"repeat","background-position":"center center","background-size":"auto","background-attachment":"scroll","background-type":"","background-media":"","overlay-type":"","overlay-color":"","overlay-opacity":"","overlay-gradient":""},"mobile":{"background-color":"var(--ast-global-color-5)","background-image":"","background-repeat":"repeat","background-position":"center center","background-size":"auto","background-attachment":"scroll","background-type":"","background-media":"","overlay-type":"","overlay-color":"","overlay-opacity":"","overlay-gradient":""}},"footnotes":""},"categories":[13],"tags":[],"class_list":["post-1481","post","type-post","status-publish","format-standard","has-post-thumbnail","hentry","category-zscku-radocza"],"uagb_featured_image_src":{"full":["https:\/\/radocza.edu.pl\/edu\/wp-content\/uploads\/2024\/10\/mini-czytanie2.jpg",2480,1748,false],"thumbnail":["https:\/\/radocza.edu.pl\/edu\/wp-content\/uploads\/2024\/10\/mini-czytanie2-150x150.jpg",150,150,true],"medium":["https:\/\/radocza.edu.pl\/edu\/wp-content\/uploads\/2024\/10\/mini-czytanie2-300x211.jpg",300,211,true],"medium_large":["https:\/\/radocza.edu.pl\/edu\/wp-content\/uploads\/2024\/10\/mini-czytanie2-768x541.jpg",768,541,true],"large":["https:\/\/radocza.edu.pl\/edu\/wp-content\/uploads\/2024\/10\/mini-czytanie2-1024x722.jpg",1024,722,true],"1536x1536":["https:\/\/radocza.edu.pl\/edu\/wp-content\/uploads\/2024\/10\/mini-czytanie2-1536x1083.jpg",1536,1083,true],"2048x2048":["https:\/\/radocza.edu.pl\/edu\/wp-content\/uploads\/2024\/10\/mini-czytanie2-2048x1444.jpg",2048,1444,true]},"uagb_author_info":{"display_name":"Mariusz Wawro","author_link":"https:\/\/radocza.edu.pl\/edu\/author\/mariusz-wawroradocza-edu-pl\/"},"uagb_comment_info":0,"uagb_excerpt":"W minion\u0105 sobot\u0119, 7 wrze\u015bnia o godzinie 10:00, nasza szko\u0142a wzi\u0119\u0142a udzia\u0142 w wyj\u0105tkowym wydarzeniu\u2013 Narodowym Czytaniu &#8222;Kordiana&#8221; Juliusza S\u0142owackiego! [&hellip;]","_links":{"self":[{"href":"https:\/\/radocza.edu.pl\/edu\/wp-json\/wp\/v2\/posts\/1481"}],"collection":[{"href":"https:\/\/radocza.edu.pl\/edu\/wp-json\/wp\/v2\/posts"}],"about":[{"href":"https:\/\/radocza.edu.pl\/edu\/wp-json\/wp\/v2\/types\/post"}],"author":[{"embeddable":true,"href":"https:\/\/radocza.edu.pl\/edu\/wp-json\/wp\/v2\/users\/2"}],"replies":[{"embeddable":true,"href":"https:\/\/radocza.edu.pl\/edu\/wp-json\/wp\/v2\/comments?post=1481"}],"version-history":[{"count":1,"href":"https:\/\/radocza.edu.pl\/edu\/wp-json\/wp\/v2\/posts\/1481\/revisions"}],"predecessor-version":[{"id":1488,"href":"https:\/\/radocza.edu.pl\/edu\/wp-json\/wp\/v2\/posts\/1481\/revisions\/1488"}],"wp:featuredmedia":[{"embeddable":true,"href":"https:\/\/radocza.edu.pl\/edu\/wp-json\/wp\/v2\/media\/1487"}],"wp:attachment":[{"href":"https:\/\/radocza.edu.pl\/edu\/wp-json\/wp\/v2\/media?parent=1481"}],"wp:term":[{"taxonomy":"category","embeddable":true,"href":"https:\/\/radocza.edu.pl\/edu\/wp-json\/wp\/v2\/categories?post=1481"},{"taxonomy":"post_tag","embeddable":true,"href":"https:\/\/radocza.edu.pl\/edu\/wp-json\/wp\/v2\/tags?post=1481"}],"curies":[{"name":"wp","href":"https:\/\/api.w.org\/{rel}","templated":true}]}}